{"id":12914,"date":"2025-08-30T19:30:02","date_gmt":"2025-08-30T22:30:02","guid":{"rendered":"https:\/\/redemasterfm.com.br\/adm\/fred-arrais-lanca-que-o-nosso-som-acenda-a-luz-faixa-de-estreia-do-projeto-live-in-sp\/"},"modified":"2025-08-30T19:30:02","modified_gmt":"2025-08-30T22:30:02","slug":"fred-arrais-lanca-que-o-nosso-som-acenda-a-luz-faixa-de-estreia-do-projeto-live-in-sp","status":"publish","type":"post","link":"https:\/\/redemasterfm.com.br\/adm\/fred-arrais-lanca-que-o-nosso-som-acenda-a-luz-faixa-de-estreia-do-projeto-live-in-sp\/","title":{"rendered":"Fred Arrais lan\u00e7a \u201cQue o Nosso Som Acenda a Luz\u201d, faixa de estreia do projeto \u201cLive in SP\u201d"},"content":{"rendered":"<div>\n<p><span style=\"font-weight: 400;\">Com mais de 20 anos de carreira, o cantor Fred Arrais imprime toda sua paix\u00e3o por jazz, fusion, rock e m\u00fasica instrumental em seu novo projeto intitulado \u201cLive in SP\u201d. <\/span><\/p>\n<p><span style=\"font-weight: 400;\">Com sete faixas autorais, o EP foi gravado no Dissenso Studio, mesmo local por onde passaram nomes como Leonardo Gon\u00e7alves, Preta Gil, Paulo Nazareth, Alexandre Aposan, Criolo, Marcelo D2 e muitos outros.<\/span><\/p>\n<p>&#8220;Comecei a pensar nesse projeto em 2024. Estava chegando aos 40 anos, j\u00e1 tinha 22 anos de carreira e sempre quis chegar no momento da minha vida em que eu tivesse recurso musical, t\u00e9cnico e financeiro para bancar um projeto em est\u00fadio legal. No come\u00e7o desse ano, eu liguei para o meu amigo Cacau Santos, falei o que eu estava pensando e ele topou na hora. Come\u00e7amos a escolher os m\u00fasicos e pensar na banda e agendamos uma semana em S\u00e3o Paulo. Foi muito desafiador e trouxe aquela adrenalina de fazer o novo, de ter que colocar para fora um projeto t\u00e3o grande que est\u00e1 por muitos anos dentro de mim e que exigiria um n\u00edvel de t\u00e9cnico maior, de confian\u00e7a e de musicalidade&#8221;, explica Arrais, que assina a produ\u00e7\u00e3o do projeto.<\/p>\n<p>Al\u00e9m do guitarrista Cacau Santos, que j\u00e1 tocou ao lado de Alceu Valen\u00e7a, Thalles Roberto, Ra\u00edz Coral, Renascer Praise e Eli Soares, Fred convidou o contrabaixista J\u00fanior Braguinha, que integra a banda de Eli Soares; o baterista Alexandre Fininho, m\u00fasico com 20 anos de carreira e que j\u00e1 tocou para Netinho de Paula, P\u00e9ricles, Vanusa, Raiz Coral, S\u00e9rgio Saas, Marquinhos Gomes, Cassiane, Eli Soares, Renascer Praise e Kemuel; o pianista Fellipe Fernandes; o saxofonista Danilo Sinna; Jorginho Trumpete, trompetista da Banda Natiruts; e Feldman Oliveira, com mais de 25 anos de carreira no trombone e com passagem pela Orquestra Jazz Sinf\u00f4nica Brasil.<\/p>\n<p><span style=\"font-weight: 400;\">E para servir como uma amostra do projeto, o artista lan\u00e7ou a faixa \u201cQue o Nosso Som Acenda a Luz\u201d. Lan\u00e7ada originalmente em 2016, no \u00e1lbum \u201cVoltar ao Caminho\u201d, a can\u00e7\u00e3o ganhou uma nova sonoridade que promete surpreender o p\u00fablico.<\/span><\/p>\n<p><span style=\"font-weight: 400;\">Al\u00e9m de estar dispon\u00edvel nas plataformas digitais, \u201cQue o Nosso Som Acenda a Luz\u201d conta com um videoclipe no canal de Fred Arrais no YouTube, que foi dirigido por Gide\u00e3o Cardoso Morais. Na sequ\u00eancia, o cantor ir\u00e1 lan\u00e7ar o \u00e1lbum completo que traz as participa\u00e7\u00f5es de Jo\u00e3o Alexandre e do casal L\u00e9o Brand\u00e3o e Julliany Souza.<\/span><\/p>\n<p><em><span style=\"font-weight: 400;\">Assista ao clipe de \u201cQue o Nosso Som Acenda a Luz\u201d:<\/span><\/em><\/p>\n<p style=\"text-align: center;\"><em><span style=\"font-weight: 400;\"><iframe title=\"YouTube video player\" src=\"https:\/\/www.youtube.com\/embed\/_jSpyvfmXv8?si=GmBo7cff2Ij_QByC\" width=\"560\" height=\"315\" frameborder=\"0\" allowfullscreen=\"allowfullscreen\"><\/iframe><\/span><\/em><\/p>\n<\/div>\n<p><a href=\"http:\/\/guiame.com.br\/musica\/nacional\/fred-arrais-lanca-que-o-nosso-som-acenda-luz-faixa-de-estreia-do-projeto-live-sp.html\">source<\/a><\/p>\n","protected":false},"excerpt":{"rendered":"<p>Com mais de 20 anos de carreira, o cantor Fred Arrais imprime toda sua paix\u00e3o por jazz, fusion, rock e m\u00fasica instrumental em seu novo projeto intitulado \u201cLive in SP\u201d. Com sete faixas autorais, o EP foi gravado no Dissenso Studio, mesmo local por onde passaram nomes como Leonardo Gon\u00e7alves, Preta Gil, Paulo Nazareth, Alexandre [&hellip;]<\/p>\n","protected":false},"author":1,"featured_media":12915,"comment_status":"open","ping_status":"open","sticky":false,"template":"","format":"standard","meta":{"_monsterinsights_skip_tracking":false,"_monsterinsights_sitenote_active":false,"_monsterinsights_sitenote_note":"","_monsterinsights_sitenote_category":0,"_joinchat":[],"footnotes":""},"categories":[4],"tags":[],"class_list":["post-12914","post","type-post","status-publish","format-standard","has-post-thumbnail","hentry","category-noticias"],"aioseo_notices":[],"_links":{"self":[{"href":"https:\/\/redemasterfm.com.br\/adm\/wp-json\/wp\/v2\/posts\/12914","targetHints":{"allow":["GET"]}}],"collection":[{"href":"https:\/\/redemasterfm.com.br\/adm\/wp-json\/wp\/v2\/posts"}],"about":[{"href":"https:\/\/redemasterfm.com.br\/adm\/wp-json\/wp\/v2\/types\/post"}],"author":[{"embeddable":true,"href":"https:\/\/redemasterfm.com.br\/adm\/wp-json\/wp\/v2\/users\/1"}],"replies":[{"embeddable":true,"href":"https:\/\/redemasterfm.com.br\/adm\/wp-json\/wp\/v2\/comments?post=12914"}],"version-history":[{"count":0,"href":"https:\/\/redemasterfm.com.br\/adm\/wp-json\/wp\/v2\/posts\/12914\/revisions"}],"wp:featuredmedia":[{"embeddable":true,"href":"https:\/\/redemasterfm.com.br\/adm\/wp-json\/wp\/v2\/media\/12915"}],"wp:attachment":[{"href":"https:\/\/redemasterfm.com.br\/adm\/wp-json\/wp\/v2\/media?parent=12914"}],"wp:term":[{"taxonomy":"category","embeddable":true,"href":"https:\/\/redemasterfm.com.br\/adm\/wp-json\/wp\/v2\/categories?post=12914"},{"taxonomy":"post_tag","embeddable":true,"href":"https:\/\/redemasterfm.com.br\/adm\/wp-json\/wp\/v2\/tags?post=12914"}],"curies":[{"name":"wp","href":"https:\/\/api.w.org\/{rel}","templated":true}]}}