{"id":12953,"date":"2026-04-24T17:35:19","date_gmt":"2026-04-24T20:35:19","guid":{"rendered":"https:\/\/redemasterfm.com.br\/adm\/julia-vitoria-e-marcelo-markes-lancam-cancao-vamos-cantar\/"},"modified":"2026-04-24T17:35:19","modified_gmt":"2026-04-24T20:35:19","slug":"julia-vitoria-e-marcelo-markes-lancam-cancao-vamos-cantar","status":"publish","type":"post","link":"https:\/\/redemasterfm.com.br\/adm\/julia-vitoria-e-marcelo-markes-lancam-cancao-vamos-cantar\/","title":{"rendered":"Julia Vit\u00f3ria e Marcelo Markes lan\u00e7am can\u00e7\u00e3o \u201cVamos Cantar\u201d"},"content":{"rendered":"<div>\n<p><span style=\"font-weight: 400;\">A colabora\u00e7\u00e3o entre Julia Vit\u00f3ria e Marcelo Markes marca um dos grandes momentos do trabalho gravado na capital paranaense. Muito aguardada pelo p\u00fablico, a faixa \u201cVamos Cantar\u201d j\u00e1 est\u00e1 dispon\u00edvel no YouTube e nas plataformas de streaming.<\/span><\/p>\n<p><span style=\"font-weight: 400;\">Escrita pela cantora em parceria com Hananiel Eduardo, a can\u00e7\u00e3o convida a igreja a se unir ao C\u00e9u em adora\u00e7\u00e3o. A mensagem reflete o que \u00e9 descrito em Apocalipse 4:8, quando, dia e noite, os seres celestiais declaram: \u201cSanto, Santo, Santo \u00e9 o Senhor Deus, o Todo-Poderoso\u201d.<\/span><\/p>\n<p><span style=\"font-weight: 400;\">A participa\u00e7\u00e3o de Marcelo Markes \u00e9 outro grande destaque. Dono de sucessos como \u201cRedentor\u201d, com Sarah Beatriz, \u201cSinto Fluir\u201d, com Julliany Souza, e \u201cEu Tenho Voc\u00ea\u201d, com Isadora Pompeo, o cantor se une a Julia em uma performance intensa e carregada de un\u00e7\u00e3o.<\/span><\/p>\n<p><span style=\"font-weight: 400;\">\u201cN\u00f3s j\u00e1 hav\u00edamos tentado fazer alguns trabalhos juntos, mas Deus tem o tempo certo para todas as coisas, e escolheu justamente este dia para vivermos algo t\u00e3o especial, neste lugar maravilhoso. Tenho plena certeza de que o que nasceu aqui vai impactar muitos cora\u00e7\u00f5es\u201d, comentou Markes no dia da grava\u00e7\u00e3o.<\/span><\/p>\n<p><span style=\"font-weight: 400;\">Em breve, todas as m\u00fasicas do projeto \u2013 idealizado pela gravadora Musile Records \u2013 ser\u00e3o reunidas em um \u00e1lbum completo, incluindo uma faixa b\u00f4nus.<\/span><\/p>\n<p><em><span style=\"font-weight: 400;\">Assista ao clipe de &#8220;Vamos Cantar&#8221;:<\/span><\/em><\/p>\n<p style=\"text-align: center;\"><iframe title=\"YouTube video player\" src=\"https:\/\/www.youtube.com\/embed\/9MDyBVWTnpw?si=xN7Utb6jRbwny1UO\" width=\"560\" height=\"315\" frameborder=\"0\" allowfullscreen=\"allowfullscreen\"><\/iframe><\/p>\n<\/div>\n<p><a href=\"http:\/\/guiame.com.br\/musica\/nacional\/julia-vitoria-e-marcelo-markes-lancam-cancao-vamos-cantar.html\">source<\/a><\/p>\n","protected":false},"excerpt":{"rendered":"<p>A colabora\u00e7\u00e3o entre Julia Vit\u00f3ria e Marcelo Markes marca um dos grandes momentos do trabalho gravado na capital paranaense. Muito aguardada pelo p\u00fablico, a faixa \u201cVamos Cantar\u201d j\u00e1 est\u00e1 dispon\u00edvel no YouTube e nas plataformas de streaming. Escrita pela cantora em parceria com Hananiel Eduardo, a can\u00e7\u00e3o convida a igreja a se unir ao C\u00e9u [&hellip;]<\/p>\n","protected":false},"author":1,"featured_media":12954,"comment_status":"open","ping_status":"open","sticky":false,"template":"","format":"standard","meta":{"_monsterinsights_skip_tracking":false,"_monsterinsights_sitenote_active":false,"_monsterinsights_sitenote_note":"","_monsterinsights_sitenote_category":0,"_joinchat":[],"footnotes":""},"categories":[4],"tags":[],"class_list":["post-12953","post","type-post","status-publish","format-standard","has-post-thumbnail","hentry","category-noticias"],"aioseo_notices":[],"_links":{"self":[{"href":"https:\/\/redemasterfm.com.br\/adm\/wp-json\/wp\/v2\/posts\/12953","targetHints":{"allow":["GET"]}}],"collection":[{"href":"https:\/\/redemasterfm.com.br\/adm\/wp-json\/wp\/v2\/posts"}],"about":[{"href":"https:\/\/redemasterfm.com.br\/adm\/wp-json\/wp\/v2\/types\/post"}],"author":[{"embeddable":true,"href":"https:\/\/redemasterfm.com.br\/adm\/wp-json\/wp\/v2\/users\/1"}],"replies":[{"embeddable":true,"href":"https:\/\/redemasterfm.com.br\/adm\/wp-json\/wp\/v2\/comments?post=12953"}],"version-history":[{"count":0,"href":"https:\/\/redemasterfm.com.br\/adm\/wp-json\/wp\/v2\/posts\/12953\/revisions"}],"wp:featuredmedia":[{"embeddable":true,"href":"https:\/\/redemasterfm.com.br\/adm\/wp-json\/wp\/v2\/media\/12954"}],"wp:attachment":[{"href":"https:\/\/redemasterfm.com.br\/adm\/wp-json\/wp\/v2\/media?parent=12953"}],"wp:term":[{"taxonomy":"category","embeddable":true,"href":"https:\/\/redemasterfm.com.br\/adm\/wp-json\/wp\/v2\/categories?post=12953"},{"taxonomy":"post_tag","embeddable":true,"href":"https:\/\/redemasterfm.com.br\/adm\/wp-json\/wp\/v2\/tags?post=12953"}],"curies":[{"name":"wp","href":"https:\/\/api.w.org\/{rel}","templated":true}]}}